{"id":1894,"date":"2025-12-01T19:00:41","date_gmt":"2025-12-01T18:00:41","guid":{"rendered":"https:\/\/simone-schneider-med.de\/fas\/praxisurlaub-2025-2\/"},"modified":"2025-12-15T20:26:00","modified_gmt":"2025-12-15T19:26:00","slug":"winterurlaub2025","status":"publish","type":"post","link":"https:\/\/simone-schneider-med.de\/fas\/winterurlaub2025\/","title":{"rendered":"Winterurlaub 22.12. bis 06.01.2026"},"content":{"rendered":"<section class=\"wpb-content-wrapper\"><p>[vc_row][vc_column]<div id=\"sc_title_178775674\"\r\n\t\tclass=\"sc_title color_style_default sc_title_default\"><h6 class=\"sc_item_subtitle sc_title_subtitle sc_align_center sc_item_title_style_default\">Let it snow, let it snow, let it snow...<\/h6><h2 class=\"sc_item_title sc_title_title sc_align_center sc_item_title_style_default sc_item_title_tag\">Winterurlaub 22.12. - 06.01.2026<\/h2><\/div><!-- \/.sc_title -->[vc_empty_space height=&#8220;45px&#8220; alter_height=&#8220;none&#8220; hide_on_desktop=&#8220;&#8220; hide_on_notebook=&#8220;&#8220; hide_on_tablet=&#8220;&#8220; hide_on_mobile=&#8220;&#8220;][\/vc_column][\/vc_row][vc_row][vc_column][vc_empty_space height=&#8220;20px&#8220; alter_height=&#8220;none&#8220; hide_on_desktop=&#8220;&#8220; hide_on_notebook=&#8220;&#8220; hide_on_tablet=&#8220;&#8220; hide_on_mobile=&#8220;&#8220;][vc_column_text]Liebe Patientinnen, liebe Patienten,<\/p>\n<p>wir m\u00f6chten Sie darauf hinweisen, dass unsere Praxis <strong>vom 22.12. bis 06.01.2026 <\/strong>geschlossen bleibt.[\/vc_column_text][vc_empty_space height=&#8220;20px&#8220; alter_height=&#8220;none&#8220; hide_on_desktop=&#8220;&#8220; hide_on_notebook=&#8220;&#8220; hide_on_tablet=&#8220;&#8220; hide_on_mobile=&#8220;&#8220;][vc_column_text]<strong>Hinweis:<\/strong> Bitte \u00fcberpr\u00fcfen Sie, ob Sie f\u00fcr diese Zeit einen ausreichenden Vorrat Ihrer ben\u00f6tigten, verschreibungspflichtigen Medikamente haben, noch eine \u00dcberweisung ben\u00f6tigen oder Sie sonstige Anliegen vor unserem Urlaub mit uns besprechen m\u00fcssen.[\/vc_column_text][\/vc_column][\/vc_row][vc_row][vc_column][vc_empty_space height=&#8220;20px&#8220; alter_height=&#8220;none&#8220; hide_on_desktop=&#8220;&#8220; hide_on_notebook=&#8220;&#8220; hide_on_tablet=&#8220;&#8220; hide_on_mobile=&#8220;&#8220;][vc_column_text]<strong>A<\/strong><strong>b dem 07.01.2026<\/strong> stehen wir wieder wie gewohnt zu unseren \u00fcblichen Rahmensprechzeiten f\u00fcr Sie zur Verf\u00fcgung.<\/p>\n<p>Wir w\u00fcnschen Ihnen allen ein frohes Weihnachtsfest und einen guten Rutsch ins neue Jahr!<\/p>\n<p>Herzlichst,<br \/>\nSimone Schneider &amp; das gesamte Praxisteam[\/vc_column_text][\/vc_column][\/vc_row]<\/p>\n<\/section>","protected":false},"excerpt":{"rendered":"<p>Liebe Patientinnen, liebe Patienten, wir m\u00f6chten Sie darauf hinweisen, dass unsere Praxis vom 22.12. bis 06.01.2026 auf Grund unseres Winterurlaubs geschlossen bleibt&#8230;<\/p>\n","protected":false},"author":990002,"featured_media":1910,"comment_status":"closed","ping_status":"closed","sticky":false,"template":"","format":"standard","meta":[],"categories":[1],"tags":[],"_links":{"self":[{"href":"https:\/\/simone-schneider-med.de\/fas\/wp-json\/wp\/v2\/posts\/1894"}],"collection":[{"href":"https:\/\/simone-schneider-med.de\/fas\/wp-json\/wp\/v2\/posts"}],"about":[{"href":"https:\/\/simone-schneider-med.de\/fas\/wp-json\/wp\/v2\/types\/post"}],"author":[{"embeddable":true,"href":"https:\/\/simone-schneider-med.de\/fas\/wp-json\/wp\/v2\/users\/990002"}],"replies":[{"embeddable":true,"href":"https:\/\/simone-schneider-med.de\/fas\/wp-json\/wp\/v2\/comments?post=1894"}],"version-history":[{"count":2,"href":"https:\/\/simone-schneider-med.de\/fas\/wp-json\/wp\/v2\/posts\/1894\/revisions"}],"predecessor-version":[{"id":1912,"href":"https:\/\/simone-schneider-med.de\/fas\/wp-json\/wp\/v2\/posts\/1894\/revisions\/1912"}],"wp:featuredmedia":[{"embeddable":true,"href":"https:\/\/simone-schneider-med.de\/fas\/wp-json\/wp\/v2\/media\/1910"}],"wp:attachment":[{"href":"https:\/\/simone-schneider-med.de\/fas\/wp-json\/wp\/v2\/media?parent=1894"}],"wp:term":[{"taxonomy":"category","embeddable":true,"href":"https:\/\/simone-schneider-med.de\/fas\/wp-json\/wp\/v2\/categories?post=1894"},{"taxonomy":"post_tag","embeddable":true,"href":"https:\/\/simone-schneider-med.de\/fas\/wp-json\/wp\/v2\/tags?post=1894"}],"curies":[{"name":"wp","href":"https:\/\/api.w.org\/{rel}","templated":true}]}}