{"id":1857,"date":"2023-04-10T12:19:41","date_gmt":"2023-04-10T11:19:41","guid":{"rendered":"https:\/\/simone-schneider-med.de\/weiterbildungsassistentin-anna-thomas-2\/"},"modified":"2023-12-04T19:43:11","modified_gmt":"2023-12-04T18:43:11","slug":"weiterbildungsassistentin-anna-thomas-2","status":"publish","type":"post","link":"https:\/\/simone-schneider-med.de\/fas\/weiterbildungsassistentin-anna-thomas-2\/","title":{"rendered":"Unsere Weiterbildungsassistentin Anna Thomas"},"content":{"rendered":"<section class=\"wpb-content-wrapper\"><p>[vc_row][vc_column]<div id=\"sc_title_789064591\"\r\n\t\tclass=\"sc_title color_style_default sc_title_default\"><h6 class=\"sc_item_subtitle sc_title_subtitle sc_align_center sc_item_title_style_default\">Wir d\u00fcrfen Ihnen vorstellen<\/h6><h3 class=\"sc_item_title sc_title_title sc_align_center sc_item_title_style_default\">Anna Thomas<\/h3><\/div><!-- \/.sc_title -->[vc_empty_space height=&#8220;35px&#8220; alter_height=&#8220;none&#8220; hide_on_desktop=&#8220;&#8220; hide_on_notebook=&#8220;&#8220; hide_on_tablet=&#8220;&#8220; hide_on_mobile=&#8220;&#8220;][\/vc_column][\/vc_row][vc_row][vc_column width=&#8220;1\/2&#8243;][vc_column_text]Liebe Patientinnen, liebe Patienten,<\/p>\n<p>auch wenn wir schon etwas l\u00e4nger ein neues Mitglied in unserem Team haben und der ein oder andere sie auch bereits pers\u00f6nlich kennengelernt hat, m\u00f6chten wir die Gelegenheit nutzen und Ihnen die &#8222;Neue&#8220; kurz vorstellen.<\/p>\n<p>Wir freuen uns, dass wir seit August 2022 mit Frau <strong>Anna Thomas<\/strong> eine kompetente <strong>\u00c4rztin<\/strong> an unserer Seite haben! Die Kollegin absolviert nach abgeschlossener klinischer Ausbildung einen Teil der geforderten Praxiszeit bei uns und wird uns noch bis Oktober 2023 tatkr\u00e4ftig unterst\u00fctzen.<\/p>\n<p>Wie unser gesamtes Praxisteam steht Ihnen nat\u00fcrlich auch Frau Thomas f\u00fcr all Ihre Fragen und Belange gerne zur Verf\u00fcgung.<\/p>\n<p>Herzlichst,<br \/>\nSimone Schneider[\/vc_column_text][\/vc_column][vc_column width=&#8220;1\/2&#8243;][vc_empty_space height=&#8220;20px&#8220; alter_height=&#8220;none&#8220; hide_on_desktop=&#8220;1&#8243; hide_on_notebook=&#8220;1&#8243; hide_on_tablet=&#8220;&#8220; hide_on_mobile=&#8220;&#8220;][vc_single_image image=&#8220;1798&#8243; img_size=&#8220;full&#8220; alignment=&#8220;right&#8220;][\/vc_column][\/vc_row]<\/p>\n<\/section>","protected":false},"excerpt":{"rendered":"<p>Liebe Patientinnen, liebe Patienten, auch wenn wir schon etwas l\u00e4nger ein neues Mitglied in unserem Team haben und der&#8230;<\/p>\n","protected":false},"author":990002,"featured_media":1796,"comment_status":"closed","ping_status":"closed","sticky":false,"template":"","format":"standard","meta":[],"categories":[1],"tags":[],"_links":{"self":[{"href":"https:\/\/simone-schneider-med.de\/fas\/wp-json\/wp\/v2\/posts\/1857"}],"collection":[{"href":"https:\/\/simone-schneider-med.de\/fas\/wp-json\/wp\/v2\/posts"}],"about":[{"href":"https:\/\/simone-schneider-med.de\/fas\/wp-json\/wp\/v2\/types\/post"}],"author":[{"embeddable":true,"href":"https:\/\/simone-schneider-med.de\/fas\/wp-json\/wp\/v2\/users\/990002"}],"replies":[{"embeddable":true,"href":"https:\/\/simone-schneider-med.de\/fas\/wp-json\/wp\/v2\/comments?post=1857"}],"version-history":[{"count":1,"href":"https:\/\/simone-schneider-med.de\/fas\/wp-json\/wp\/v2\/posts\/1857\/revisions"}],"predecessor-version":[{"id":1859,"href":"https:\/\/simone-schneider-med.de\/fas\/wp-json\/wp\/v2\/posts\/1857\/revisions\/1859"}],"wp:featuredmedia":[{"embeddable":true,"href":"https:\/\/simone-schneider-med.de\/fas\/wp-json\/wp\/v2\/media\/1796"}],"wp:attachment":[{"href":"https:\/\/simone-schneider-med.de\/fas\/wp-json\/wp\/v2\/media?parent=1857"}],"wp:term":[{"taxonomy":"category","embeddable":true,"href":"https:\/\/simone-schneider-med.de\/fas\/wp-json\/wp\/v2\/categories?post=1857"},{"taxonomy":"post_tag","embeddable":true,"href":"https:\/\/simone-schneider-med.de\/fas\/wp-json\/wp\/v2\/tags?post=1857"}],"curies":[{"name":"wp","href":"https:\/\/api.w.org\/{rel}","templated":true}]}}